{"id":1389,"date":"2026-03-17T20:04:43","date_gmt":"2026-03-17T18:04:43","guid":{"rendered":"https:\/\/joykuoro.fi\/?p=1389"},"modified":"2026-03-17T20:19:45","modified_gmt":"2026-03-17T18:19:45","slug":"kun-ulkona-laulaa-jaateloauto","status":"publish","type":"post","link":"https:\/\/joykuoro.fi\/en\/kun-ulkona-laulaa-jaateloauto\/","title":{"rendered":"Kun ulkona laulaa j\u00e4\u00e4tel\u00f6auto"},"content":{"rendered":"<p>Joy Choir presents: When the Ice Cream Van Sings Outside&nbsp;<br>The University of Eastern Finland\u2019s representative choir Joy will perform at Carelia Hall in Joensuu on Tuesday 21 April 2026 at 19:00.&nbsp;<\/p>\n\n\n\n<p>The spring concert offers a fresh and diverse selection of Finnish choral music. The programme features the delicate and poetic compositions of Kaj and Jussi Chydenius, as well as beloved songs by Ultra Bra in choral arrangements.&nbsp;<\/p>\n\n\n\n<p>Joy Choir Spring Concert \u2013 When the Ice Cream Van Sings Outside&nbsp;<br>Tue 21 April 2026 at 19:00&nbsp;<br>Carelia Hall, Joensuu, The same concert will also be performed at Kiteesali in Kitee on Thursday, April 16.&nbsp;<\/p>\n\n\n\n<p>JOY \u2013 The Representative Choir of the University of Eastern Finland\u00a0<br>Conductor: Matti Makkonen\u00a0<br>Piano: Fanni Linjama\u00a0<br>Duration: approximately 1 hour (no intermission)\u00a0<\/p>\n\n\n\n<p>Tickets <br>Adults: \u20ac13 in advance \/ \u20ac15 at the door\u00a0<br>Students: \u20ac5 in advance \/ \u20ac7 at the door\u00a0<br>Under 18: free admission\u00a0<\/p>\n\n\n\n<p>Advance tickets: <a href=\"https:\/\/holvi.com\/shop\/joykauppa\/\">https:\/\/holvi.com\/shop\/joykauppa\/<\/a><\/p>\n\n\n\n<figure class=\"wp-block-image size-large\"><img fetchpriority=\"high\" decoding=\"async\" width=\"725\" height=\"1024\" src=\"https:\/\/joykuoro.fi\/wp-content\/uploads\/2026\/03\/joy-kevatkonsertti-2026-725x1024.png\" alt=\"\" class=\"wp-image-1390\" srcset=\"https:\/\/joykuoro.fi\/wp-content\/uploads\/2026\/03\/joy-kevatkonsertti-2026-725x1024.png 725w, https:\/\/joykuoro.fi\/wp-content\/uploads\/2026\/03\/joy-kevatkonsertti-2026-212x300.png 212w, https:\/\/joykuoro.fi\/wp-content\/uploads\/2026\/03\/joy-kevatkonsertti-2026-768x1085.png 768w, https:\/\/joykuoro.fi\/wp-content\/uploads\/2026\/03\/joy-kevatkonsertti-2026-8x12.png 8w, https:\/\/joykuoro.fi\/wp-content\/uploads\/2026\/03\/joy-kevatkonsertti-2026.png 842w\" sizes=\"(max-width: 725px) 100vw, 725px\" \/><\/figure>","protected":false},"excerpt":{"rendered":"<p>Joy-kuoro esitt\u00e4\u00e4: Kun ulkona laulaa j\u00e4\u00e4tel\u00f6auto&nbsp;It\u00e4-Suomen yliopiston edustuskuoro Joy konsertoi Joensuun Carelia-salissa tiistaina 21.4.2026 klo 19.&nbsp; Kev\u00e4tkonsertin ohjelma tarjoaa kev\u00e4isen ja monipuolisen kattauksen suomalaista kuoromusiikkia.&hellip;<\/p>","protected":false},"author":1,"featured_media":0,"comment_status":"closed","ping_status":"open","sticky":false,"template":"","format":"standard","meta":{"footnotes":""},"categories":[1],"tags":[15,11,18,22,8,10],"class_list":["post-1389","post","type-post","status-publish","format-standard","hentry","category-yleinen","tag-choir","tag-concert","tag-joy","tag-konsertti","tag-kuoro","tag-uef"],"_links":{"self":[{"href":"https:\/\/joykuoro.fi\/en\/wp-json\/wp\/v2\/posts\/1389","targetHints":{"allow":["GET"]}}],"collection":[{"href":"https:\/\/joykuoro.fi\/en\/wp-json\/wp\/v2\/posts"}],"about":[{"href":"https:\/\/joykuoro.fi\/en\/wp-json\/wp\/v2\/types\/post"}],"author":[{"embeddable":true,"href":"https:\/\/joykuoro.fi\/en\/wp-json\/wp\/v2\/users\/1"}],"replies":[{"embeddable":true,"href":"https:\/\/joykuoro.fi\/en\/wp-json\/wp\/v2\/comments?post=1389"}],"version-history":[{"count":2,"href":"https:\/\/joykuoro.fi\/en\/wp-json\/wp\/v2\/posts\/1389\/revisions"}],"predecessor-version":[{"id":1392,"href":"https:\/\/joykuoro.fi\/en\/wp-json\/wp\/v2\/posts\/1389\/revisions\/1392"}],"wp:attachment":[{"href":"https:\/\/joykuoro.fi\/en\/wp-json\/wp\/v2\/media?parent=1389"}],"wp:term":[{"taxonomy":"category","embeddable":true,"href":"https:\/\/joykuoro.fi\/en\/wp-json\/wp\/v2\/categories?post=1389"},{"taxonomy":"post_tag","embeddable":true,"href":"https:\/\/joykuoro.fi\/en\/wp-json\/wp\/v2\/tags?post=1389"}],"curies":[{"name":"wp","href":"https:\/\/api.w.org\/{rel}","templated":true}]}}